{"id":1358,"date":"2026-03-03T03:03:00","date_gmt":"2026-03-03T02:03:00","guid":{"rendered":"http:\/\/weblog.wanderfruen.de\/?p=1358"},"modified":"2026-03-04T13:20:07","modified_gmt":"2026-03-04T12:20:07","slug":"entenhausen","status":"publish","type":"post","link":"http:\/\/weblog.wanderfruen.de\/?p=1358","title":{"rendered":"Entenhausen"},"content":{"rendered":"\n<p>In Kurzform skizziert: die Geschichte mit unseren Laufenten bis zum heutigen Tag<\/p>\n\n\n\n<p>Charly &#8211; vom Pferd getreten, tot<br>Watschi &#8211; von Zorro bestiegen, im Bach ertrunken<br>Zorro &#8211; vom Fuchs geholt, gefressen<br>Flatschi &#8211; vom Fuchs geholt, gefressen<br>Brownie &#8211; traumatisiert, verhungert<br>Blondie &#8211; vom Pferd getreten, tot<br>Grey Kelly ist nun alleine<br>Quasi Modo kommt dazu, Grey Kelly hei\u00dft jetzt Esmeralda<br>Quasi Moto liegt tot auf der Wiese<br>Alfonso kommt dazu<br>aus elf bebr\u00fcteten Eiern schl\u00fcpfen im Juni 2023 sieben kleine Laufenten<br>Nr. 7 hat es nicht lange \u00fcberlebt, ein weiteres verf\u00e4ngt sich im Zaun und strampelt sich in der prallen Sonne zu Tode<br>eine dritte Ente wurde krank, hat sich nicht mehr von Fleck bewegt und musste erl\u00f6st werden<br>es bleiben drei junge Enten, ein junger Erpel und die Eltern<br>zwei junge Enten wurden von einem Raubvogel gerissen, der junge Erpel wurde abgegeben<br>zwei wei\u00dfe Hausenten sind dazu gekommen<br>Esmeralda liegt tot neben der Scheune<br>Alfonso und seine schwarze Tochter sind noch da<\/p>\n","protected":false},"excerpt":{"rendered":"<p>In Kurzform skizziert: die Geschichte mit unseren Laufenten bis zum heutigen Tag Charly &#8211; vom Pferd getreten, totWatschi &#8211; von Zorro bestiegen, im Bach ertrunkenZorro &#8211; vom Fuchs geholt, gefressenFlatschi &#8211; vom Fuchs geholt, gefressenBrownie &#8211; traumatisiert, verhungertBlondie &#8211; vom &hellip; <a href=\"http:\/\/weblog.wanderfruen.de\/?p=1358\">Weiterlesen <span class=\"meta-nav\">&rarr;<\/span><\/a><\/p>\n","protected":false},"author":1,"featured_media":0,"comment_status":"closed","ping_status":"open","sticky":false,"template":"","format":"standard","meta":{"footnotes":""},"categories":[1],"tags":[],"class_list":["post-1358","post","type-post","status-publish","format-standard","hentry","category-tiere"],"_links":{"self":[{"href":"http:\/\/weblog.wanderfruen.de\/index.php?rest_route=\/wp\/v2\/posts\/1358","targetHints":{"allow":["GET"]}}],"collection":[{"href":"http:\/\/weblog.wanderfruen.de\/index.php?rest_route=\/wp\/v2\/posts"}],"about":[{"href":"http:\/\/weblog.wanderfruen.de\/index.php?rest_route=\/wp\/v2\/types\/post"}],"author":[{"embeddable":true,"href":"http:\/\/weblog.wanderfruen.de\/index.php?rest_route=\/wp\/v2\/users\/1"}],"replies":[{"embeddable":true,"href":"http:\/\/weblog.wanderfruen.de\/index.php?rest_route=%2Fwp%2Fv2%2Fcomments&post=1358"}],"version-history":[{"count":3,"href":"http:\/\/weblog.wanderfruen.de\/index.php?rest_route=\/wp\/v2\/posts\/1358\/revisions"}],"predecessor-version":[{"id":1364,"href":"http:\/\/weblog.wanderfruen.de\/index.php?rest_route=\/wp\/v2\/posts\/1358\/revisions\/1364"}],"wp:attachment":[{"href":"http:\/\/weblog.wanderfruen.de\/index.php?rest_route=%2Fwp%2Fv2%2Fmedia&parent=1358"}],"wp:term":[{"taxonomy":"category","embeddable":true,"href":"http:\/\/weblog.wanderfruen.de\/index.php?rest_route=%2Fwp%2Fv2%2Fcategories&post=1358"},{"taxonomy":"post_tag","embeddable":true,"href":"http:\/\/weblog.wanderfruen.de\/index.php?rest_route=%2Fwp%2Fv2%2Ftags&post=1358"}],"curies":[{"name":"wp","href":"https:\/\/api.w.org\/{rel}","templated":true}]}}